{"id":6752,"date":"2025-07-14T07:06:40","date_gmt":"2025-07-14T07:06:40","guid":{"rendered":"https:\/\/demo.websitepro.at\/kerner\/?p=6752"},"modified":"2025-07-26T06:27:56","modified_gmt":"2025-07-26T06:27:56","slug":"nachhaltig-heizen-besser-leben","status":"publish","type":"post","link":"https:\/\/haustechnik-kerner.de\/index.php\/nachhaltig-heizen-besser-leben\/","title":{"rendered":"Nachhaltig heizen. Besser leben."},"content":{"rendered":"\t\t<div data-elementor-type=\"wp-post\" data-elementor-id=\"6752\" class=\"elementor elementor-6752\" data-elementor-post-type=\"post\">\n\t\t\t\t<div class=\"elementor-element elementor-element-e92befd e-flex e-con-boxed e-con e-parent\" data-id=\"e92befd\" data-element_type=\"container\">\n\t\t\t\t\t<div class=\"e-con-inner\">\n\t\t\t\t<div class=\"elementor-element elementor-element-a2f69b2 elementor-widget elementor-widget-heading\" data-id=\"a2f69b2\" data-element_type=\"widget\" data-widget_type=\"heading.default\">\n\t\t\t\t\t<h4 class=\"elementor-heading-title elementor-size-default\">Zukunftsf\u00e4hige L\u00f6sungen von Herman Kerner Sanit\u00e4r und Heizung \u2013 im Raum M\u00fcnchen.<\/h4>\t\t\t\t<\/div>\n\t\t\t\t<div class=\"elementor-element elementor-element-10036ab elementor-widget elementor-widget-text-editor\" data-id=\"10036ab\" data-element_type=\"widget\" data-widget_type=\"text-editor.default\">\n\t\t\t\t\t\t\t\t\t<p>Heizung, Energie, Nachhaltigkeit \u2013 Themen, die heute jeder kennt, aber wenige wirklich durchdringen.<\/p><p>Wir bei <strong>Herman Kerner Sanit\u00e4r und Heizung<\/strong> setzen auf moderne Systeme, die Energie sparen, Ressourcen schonen und gleichzeitig zu Ihrem Alltag passen.<\/p><p>Denn Nachhaltigkeit ist f\u00fcr uns kein Aufkleber \u2013 sondern eine Haltung, die in jeder Planung und in jeder Schraube sp\u00fcrbar sein soll.<\/p>\t\t\t\t\t\t\t\t<\/div>\n\t\t\t\t<div class=\"elementor-element elementor-element-9e1c705 elementor-widget elementor-widget-heading\" data-id=\"9e1c705\" data-element_type=\"widget\" data-widget_type=\"heading.default\">\n\t\t\t\t\t<h4 class=\"elementor-heading-title elementor-size-default\">W\u00e4rmepumpe, Hybrid, Gas \u2013 sinnvoll kombiniert.<\/h4>\t\t\t\t<\/div>\n\t\t\t\t<div class=\"elementor-element elementor-element-3feac16 elementor-widget elementor-widget-text-editor\" data-id=\"3feac16\" data-element_type=\"widget\" data-widget_type=\"text-editor.default\">\n\t\t\t\t\t\t\t\t\t<p>Wir beraten technologieoffen und entwickeln mit Ihnen ein Heizkonzept, das langfristig funktioniert.<\/p><p>Unsere L\u00f6sungen orientieren sich nicht am Trend, sondern an Effizienz, Langlebigkeit und F\u00f6rderf\u00e4higkeit.<\/p><p>Wir nehmen uns Zeit, erkl\u00e4ren Unterschiede, und zeigen auf, wo sich Investitionen wirklich lohnen \u2013 und wo nicht.<\/p><p>Denn oft liegt der Schl\u00fcssel zu mehr Effizienz nicht nur in der Technik, sondern im Zusammenspiel aus Planung, Nutzung und F\u00f6rderstrategie.<\/p>\t\t\t\t\t\t\t\t<\/div>\n\t\t\t\t<div class=\"elementor-element elementor-element-8e790e5 elementor-widget elementor-widget-heading\" data-id=\"8e790e5\" data-element_type=\"widget\" data-widget_type=\"heading.default\">\n\t\t\t\t\t<h4 class=\"elementor-heading-title elementor-size-default\">Regional geplant. Pers\u00f6nlich umgesetzt.<\/h4>\t\t\t\t<\/div>\n\t\t\t\t<div class=\"elementor-element elementor-element-f11b308 elementor-widget elementor-widget-text-editor\" data-id=\"f11b308\" data-element_type=\"widget\" data-widget_type=\"text-editor.default\">\n\t\t\t\t\t\t\t\t\t<p>Wir arbeiten mit Herzblut im Raum M\u00fcnchen \u2013 und stehen f\u00fcr saubere Arbeit, verl\u00e4ssliche Umsetzung und gute Beratung.<\/p><p>Wer heute nachhaltig heizt, handelt zukunftsorientiert \u2013 f\u00fcr die Umwelt, f\u00fcr den Geldbeutel und f\u00fcr kommende Generationen.<\/p><p>Und genau dabei begleiten wir Sie: kompetent, ehrlich und direkt vor Ort.<\/p>\t\t\t\t\t\t\t\t<\/div>\n\t\t\t\t<div class=\"elementor-element elementor-element-d4c77b5 elementor-widget-divider--view-line elementor-widget elementor-widget-divider\" data-id=\"d4c77b5\" data-element_type=\"widget\" data-widget_type=\"divider.default\">\n\t\t\t\t\t\t\t<div class=\"elementor-divider\">\n\t\t\t<span class=\"elementor-divider-separator\">\n\t\t\t\t\t\t<\/span>\n\t\t<\/div>\n\t\t\t\t\t\t<\/div>\n\t\t\t\t<div class=\"elementor-element elementor-element-170ee86 elementor-widget elementor-widget-heading\" data-id=\"170ee86\" data-element_type=\"widget\" data-widget_type=\"heading.default\">\n\t\t\t\t\t<h4 class=\"elementor-heading-title elementor-size-default\">\u00c4hnliche Beitr\u00e4ge<\/h4>\t\t\t\t<\/div>\n\t\t\t\t\t<\/div>\n\t\t\t\t<\/div>\n\t\t<div class=\"elementor-element elementor-element-7cdd491 single-post-page-title e-flex e-con-boxed e-con e-parent\" data-id=\"7cdd491\" data-element_type=\"container\">\n\t\t\t\t\t<div class=\"e-con-inner\">\n\t\t\t\t<div class=\"elementor-element elementor-element-b73f4a5 elementor-widget elementor-widget-tj-latest-posts\" data-id=\"b73f4a5\" data-element_type=\"widget\" data-widget_type=\"tj-latest-posts.default\">\n\t\t\t\t<div class=\"elementor-widget-container\">\n\t\t\t\t\t\n<div class=\"tj_latest_blog\">\n      <div class=\"row rg-30 justify-content-center \">\n              <div class=\"col-xl-4 col-md-6\">\n          <div class=\"blog-swipe \">\n            <div data-wow-delay=\"0.2s\" class=\"blog-style-2 blog-el-item wow fadeInUp\">\n              <div class=\"blog-images\">\n                                  <a href=\"https:\/\/haustechnik-kerner.de\/index.php\/heizung-und-handwerk-mit-herz-in-munchen\/\">\n                    <img fetchpriority=\"high\" decoding=\"async\" width=\"584\" height=\"410\" src=\"https:\/\/haustechnik-kerner.de\/wp-content\/uploads\/2025\/07\/Wasserhygiene-section.png\" class=\"attachment-full size-full wp-post-image\" alt=\"\" srcset=\"https:\/\/haustechnik-kerner.de\/wp-content\/uploads\/2025\/07\/Wasserhygiene-section.png 584w, https:\/\/haustechnik-kerner.de\/wp-content\/uploads\/2025\/07\/Wasserhygiene-section-300x211.png 300w\" sizes=\"(max-width: 584px) 100vw, 584px\" \/>                  <\/a>\n                                <!-- entry-meta date -->\n\t\t\t        <div class=\"single-latest-blog-date\"><span>July 14, 2025<\/span><\/div>\n                                  <div class=\"blog-date\">\n                    <span class=\"date\">14<\/span>\n                    <span class=\"month\">Jul<\/span>\n                  <\/div>\n                              <\/div>\n              <div class=\"blog-content\">\n                <div class=\"blog-two-meta blog-el-meta\">\n                  <ul>\n                                                          <\/ul>\n                <\/div>\n                <h4 class=\"title blog-el-title under-line\">\n                  <a href=\"https:\/\/haustechnik-kerner.de\/index.php\/heizung-und-handwerk-mit-herz-in-munchen\/\">\n                    Heizung und Handwerk \u2013 mit Herz...                  <\/a>\n                <\/h4>\n                \n                              <\/div>\n            <\/div>\n          <\/div>\n        <\/div>\n              <div class=\"col-xl-4 col-md-6\">\n          <div class=\"blog-swipe \">\n            <div data-wow-delay=\"0.2s\" class=\"blog-style-2 blog-el-item wow fadeInUp\">\n              <div class=\"blog-images\">\n                                  <a href=\"https:\/\/haustechnik-kerner.de\/index.php\/nachhaltig-heizen-besser-leben\/\">\n                    <img decoding=\"async\" width=\"1541\" height=\"804\" src=\"https:\/\/haustechnik-kerner.de\/wp-content\/uploads\/2025\/07\/nachhaltige-banner-img.png\" class=\"attachment-full size-full wp-post-image\" alt=\"\" srcset=\"https:\/\/haustechnik-kerner.de\/wp-content\/uploads\/2025\/07\/nachhaltige-banner-img.png 1541w, https:\/\/haustechnik-kerner.de\/wp-content\/uploads\/2025\/07\/nachhaltige-banner-img-300x157.png 300w, https:\/\/haustechnik-kerner.de\/wp-content\/uploads\/2025\/07\/nachhaltige-banner-img-1024x534.png 1024w, https:\/\/haustechnik-kerner.de\/wp-content\/uploads\/2025\/07\/nachhaltige-banner-img-768x401.png 768w, https:\/\/haustechnik-kerner.de\/wp-content\/uploads\/2025\/07\/nachhaltige-banner-img-1536x801.png 1536w, https:\/\/haustechnik-kerner.de\/wp-content\/uploads\/2025\/07\/nachhaltige-banner-img-600x313.png 600w\" sizes=\"(max-width: 1541px) 100vw, 1541px\" \/>                  <\/a>\n                                <!-- entry-meta date -->\n\t\t\t        <div class=\"single-latest-blog-date\"><span>July 14, 2025<\/span><\/div>\n                                  <div class=\"blog-date\">\n                    <span class=\"date\">14<\/span>\n                    <span class=\"month\">Jul<\/span>\n                  <\/div>\n                              <\/div>\n              <div class=\"blog-content\">\n                <div class=\"blog-two-meta blog-el-meta\">\n                  <ul>\n                                                          <\/ul>\n                <\/div>\n                <h4 class=\"title blog-el-title under-line\">\n                  <a href=\"https:\/\/haustechnik-kerner.de\/index.php\/nachhaltig-heizen-besser-leben\/\">\n                    Nachhaltig heizen. Besser leben.                  <\/a>\n                <\/h4>\n                \n                              <\/div>\n            <\/div>\n          <\/div>\n        <\/div>\n              <div class=\"col-xl-4 col-md-6\">\n          <div class=\"blog-swipe \">\n            <div data-wow-delay=\"0.2s\" class=\"blog-style-2 blog-el-item wow fadeInUp\">\n              <div class=\"blog-images\">\n                                  <a href=\"https:\/\/haustechnik-kerner.de\/index.php\/wir-bilden-aus-fur-die-zukunft-und-fur-munchen\/\">\n                    <img decoding=\"async\" width=\"1440\" height=\"959\" src=\"https:\/\/haustechnik-kerner.de\/wp-content\/uploads\/2025\/07\/we-train-people-img.jpg\" class=\"attachment-full size-full wp-post-image\" alt=\"\" srcset=\"https:\/\/haustechnik-kerner.de\/wp-content\/uploads\/2025\/07\/we-train-people-img.jpg 1440w, https:\/\/haustechnik-kerner.de\/wp-content\/uploads\/2025\/07\/we-train-people-img-300x200.jpg 300w, https:\/\/haustechnik-kerner.de\/wp-content\/uploads\/2025\/07\/we-train-people-img-1024x682.jpg 1024w, https:\/\/haustechnik-kerner.de\/wp-content\/uploads\/2025\/07\/we-train-people-img-768x511.jpg 768w, https:\/\/haustechnik-kerner.de\/wp-content\/uploads\/2025\/07\/we-train-people-img-600x400.jpg 600w\" sizes=\"(max-width: 1440px) 100vw, 1440px\" \/>                  <\/a>\n                                <!-- entry-meta date -->\n\t\t\t        <div class=\"single-latest-blog-date\"><span>July 14, 2025<\/span><\/div>\n                                  <div class=\"blog-date\">\n                    <span class=\"date\">14<\/span>\n                    <span class=\"month\">Jul<\/span>\n                  <\/div>\n                              <\/div>\n              <div class=\"blog-content\">\n                <div class=\"blog-two-meta blog-el-meta\">\n                  <ul>\n                                                          <\/ul>\n                <\/div>\n                <h4 class=\"title blog-el-title under-line\">\n                  <a href=\"https:\/\/haustechnik-kerner.de\/index.php\/wir-bilden-aus-fur-die-zukunft-und-fur-munchen\/\">\n                    Wir bilden aus. F\u00fcr die Zukunft...                  <\/a>\n                <\/h4>\n                \n                              <\/div>\n            <\/div>\n          <\/div>\n        <\/div>\n          <\/div>\n  <\/div>\r\n\r\n\t\t\t\t<\/div>\n\t\t\t\t<\/div>\n\t\t\t\t\t<\/div>\n\t\t\t\t<\/div>\n\t\t\t\t<\/div>\n\t\t","protected":false},"excerpt":{"rendered":"<p>Zukunftsf\u00e4hige L\u00f6sungen von Herman Kerner Sanit\u00e4r und Heizung \u2013 im Raum M\u00fcnchen. Heizung, Energie, Nachhaltigkeit \u2013 Themen, die heute jeder kennt, aber wenige wirklich durchdringen. Wir bei Herman Kerner Sanit\u00e4r und Heizung setzen auf moderne Systeme, die Energie sparen, Ressourcen schonen und gleichzeitig zu Ihrem Alltag passen. Denn Nachhaltigkeit ist f\u00fcr uns kein Aufkleber \u2013 [&hellip;]<\/p>\n","protected":false},"author":1,"featured_media":6158,"comment_status":"closed","ping_status":"open","sticky":false,"template":"","format":"standard","meta":{"_acf_changed":false,"footnotes":""},"categories":[79],"tags":[],"class_list":["post-6752","post","type-post","status-publish","format-standard","has-post-thumbnail","hentry","category-neue-produkte"],"acf":[],"_links":{"self":[{"href":"https:\/\/haustechnik-kerner.de\/index.php\/wp-json\/wp\/v2\/posts\/6752","targetHints":{"allow":["GET"]}}],"collection":[{"href":"https:\/\/haustechnik-kerner.de\/index.php\/wp-json\/wp\/v2\/posts"}],"about":[{"href":"https:\/\/haustechnik-kerner.de\/index.php\/wp-json\/wp\/v2\/types\/post"}],"author":[{"embeddable":true,"href":"https:\/\/haustechnik-kerner.de\/index.php\/wp-json\/wp\/v2\/users\/1"}],"replies":[{"embeddable":true,"href":"https:\/\/haustechnik-kerner.de\/index.php\/wp-json\/wp\/v2\/comments?post=6752"}],"version-history":[{"count":12,"href":"https:\/\/haustechnik-kerner.de\/index.php\/wp-json\/wp\/v2\/posts\/6752\/revisions"}],"predecessor-version":[{"id":9371,"href":"https:\/\/haustechnik-kerner.de\/index.php\/wp-json\/wp\/v2\/posts\/6752\/revisions\/9371"}],"wp:featuredmedia":[{"embeddable":true,"href":"https:\/\/haustechnik-kerner.de\/index.php\/wp-json\/wp\/v2\/media\/6158"}],"wp:attachment":[{"href":"https:\/\/haustechnik-kerner.de\/index.php\/wp-json\/wp\/v2\/media?parent=6752"}],"wp:term":[{"taxonomy":"category","embeddable":true,"href":"https:\/\/haustechnik-kerner.de\/index.php\/wp-json\/wp\/v2\/categories?post=6752"},{"taxonomy":"post_tag","embeddable":true,"href":"https:\/\/haustechnik-kerner.de\/index.php\/wp-json\/wp\/v2\/tags?post=6752"}],"curies":[{"name":"wp","href":"https:\/\/api.w.org\/{rel}","templated":true}]}}